{"id":678,"date":"2016-04-10T23:48:05","date_gmt":"2016-04-10T23:48:05","guid":{"rendered":"http:\/\/www.fabiodomingos.com\/?p=678"},"modified":"2016-04-10T23:48:05","modified_gmt":"2016-04-10T23:48:05","slug":"erro-critico-menu-iniciar-e-cortana-nao-funcionam","status":"publish","type":"post","link":"https:\/\/www.fabiodomingos.com\/?p=678","title":{"rendered":"Erro Critico: &#8220;Menu Iniciar e Cortana N\u00e3o Funcionam!&#8221;"},"content":{"rendered":"<p><a href=\"https:\/\/www.fabiodomingos.com\/?attachment_id=679\" rel=\"attachment wp-att-679\"><img loading=\"lazy\" decoding=\"async\" class=\"aligncenter size-medium wp-image-679\" src=\"https:\/\/www.fabiodomingos.com\/wp-content\/uploads\/2016\/04\/startmenu-and-cortana-300x71.png\" alt=\"startmenu and cortana\" width=\"300\" height=\"71\" srcset=\"https:\/\/www.fabiodomingos.com\/wp-content\/uploads\/2016\/04\/startmenu-and-cortana-300x71.png 300w, https:\/\/www.fabiodomingos.com\/wp-content\/uploads\/2016\/04\/startmenu-and-cortana-768x181.png 768w, https:\/\/www.fabiodomingos.com\/wp-content\/uploads\/2016\/04\/startmenu-and-cortana.png 853w\" sizes=\"auto, (max-width: 300px) 100vw, 300px\" \/><\/a><\/p>\n<p>Esta \u00e9 uma mensagem que surge quando existe uma falha que impede que o menu iniciar seja aberto.<\/p>\n<p>Nos casos que me surgiram, quando este erro critico ocorre, todas as ditas &#8220;Universal Apps&#8221; ou &#8220;Store Apps&#8221; como o Edge e a Store tamb\u00e9m n\u00e3o funcionam!<\/p>\n<p>Pela internet existem diversas propostas de solu\u00e7\u00f5es, como <a href=\"https:\/\/www.fabiodomingos.com\/?p=645\">reiniciar o computador em modo de seguran\u00e7a<\/a> (manter premida a tecla shift, enquanto se clica em reiniciar no ecr\u00e3 de <em>login<\/em>) e a\u00ed abrir o menu iniciar que supostamente ir\u00e1 funcionar corretamente;\u00a0correndo o <a href=\"https:\/\/www.fabiodomingos.com\/?p=226\">sfc \/scannow<\/a>\u00a0na linha de comandos ou ent\u00e3o atrav\u00e9s de um comando que ir\u00e1 ent\u00e3o voltar a registar estas aplica\u00e7\u00f5es, no entanto nenhuma destas funcionou nos casos que me surgiram at\u00e9 agora.<\/p>\n<p>Seguidamente, irei ent\u00e3o indicar duas solu\u00e7\u00f5es que t\u00eam dado resultado.<\/p>\n<p><strong>Desinstalar aplica\u00e7\u00f5es incompat\u00edveis ou com problemas<\/strong><\/p>\n<p>Existem algumas aplica\u00e7\u00f5es que fazem com que este problema ocorra, por isso caso tenha alguma destas aplica\u00e7\u00f5es, desinstale, reinicie o computador e veja se o problema ficou resolvido:<\/p>\n<ul>\n<li><strong>Dropbox<\/strong>: \u00c9 a que tem causado mais problemas, se tiver esta aplica\u00e7\u00e3o instalada quando a mensagem surgiu, desinstale e reinicie o computador. Se estiver resolvido, ent\u00e3o acabou de encontrar o culpado, tente caso necessite instalar a \u00faltima vers\u00e3o da aplica\u00e7\u00e3o, provavelmente j\u00e1 devem ter resolvido o problema.<\/li>\n<li><strong>Corel Draw 11<\/strong>: Esta foi outra aplica\u00e7\u00e3o que causou o problema a uma amiga minha, possivelmente as anteriores tamb\u00e9m ter\u00e3o problemas.<\/li>\n<\/ul>\n<p><strong>Restaurar o Sistema<\/strong><\/p>\n<p>O restauro do sistema tamb\u00e9m resolveu v\u00e1rios casos, no entanto tenha aten\u00e7\u00e3o, apesar de n\u00e3o mexer nos seus ficheiros pessoais, as aplica\u00e7\u00f5es desde a data do restauro e as defini\u00e7\u00f5es ser\u00e3o revertidas, tenha especial aten\u00e7\u00e3o caso utilize sistemas de gest\u00e3o de bases de dados como SQL Server, Oracle, etc. pois tamb\u00e9m podem ser afetados pelo restauro. Muitos destes sistemas, v\u00eam agregados a ERPs, softwares de contabilidade, gest\u00e3o de frotas, etc. Fa\u00e7a uma c\u00f3pia de seguran\u00e7a antes do restauro!<\/p>\n","protected":false},"excerpt":{"rendered":"<p>Esta \u00e9 uma mensagem que surge quando existe uma falha que impede que o menu iniciar seja aberto. Nos casos que me surgiram, quando este erro critico ocorre, todas as ditas &#8220;Universal Apps&#8221; ou &#8220;Store Apps&#8221; como o Edge e a Store tamb\u00e9m n\u00e3o funcionam! Pela internet existem diversas propostas de solu\u00e7\u00f5es, como reiniciar o &#8230; <a title=\"Erro Critico: &#8220;Menu Iniciar e Cortana N\u00e3o Funcionam!&#8221;\" class=\"read-more\" href=\"https:\/\/www.fabiodomingos.com\/?p=678\" aria-label=\"Leia mais sobre Erro Critico: &#8220;Menu Iniciar e Cortana N\u00e3o Funcionam!&#8221;\">Ler mais<\/a><\/p>\n","protected":false},"author":1,"featured_media":0,"comment_status":"open","ping_status":"open","sticky":false,"template":"","format":"standard","meta":{"iawp_total_views":44,"footnotes":""},"categories":[3,33],"tags":[51,49,50,48],"class_list":["post-678","post","type-post","status-publish","format-standard","hentry","category-microsoft","category-windows-10","tag-erro-critico","tag-menu-iniciar","tag-nao-abre","tag-windows-10"],"_links":{"self":[{"href":"https:\/\/www.fabiodomingos.com\/index.php?rest_route=\/wp\/v2\/posts\/678","targetHints":{"allow":["GET"]}}],"collection":[{"href":"https:\/\/www.fabiodomingos.com\/index.php?rest_route=\/wp\/v2\/posts"}],"about":[{"href":"https:\/\/www.fabiodomingos.com\/index.php?rest_route=\/wp\/v2\/types\/post"}],"author":[{"embeddable":true,"href":"https:\/\/www.fabiodomingos.com\/index.php?rest_route=\/wp\/v2\/users\/1"}],"replies":[{"embeddable":true,"href":"https:\/\/www.fabiodomingos.com\/index.php?rest_route=%2Fwp%2Fv2%2Fcomments&post=678"}],"version-history":[{"count":1,"href":"https:\/\/www.fabiodomingos.com\/index.php?rest_route=\/wp\/v2\/posts\/678\/revisions"}],"predecessor-version":[{"id":680,"href":"https:\/\/www.fabiodomingos.com\/index.php?rest_route=\/wp\/v2\/posts\/678\/revisions\/680"}],"wp:attachment":[{"href":"https:\/\/www.fabiodomingos.com\/index.php?rest_route=%2Fwp%2Fv2%2Fmedia&parent=678"}],"wp:term":[{"taxonomy":"category","embeddable":true,"href":"https:\/\/www.fabiodomingos.com\/index.php?rest_route=%2Fwp%2Fv2%2Fcategories&post=678"},{"taxonomy":"post_tag","embeddable":true,"href":"https:\/\/www.fabiodomingos.com\/index.php?rest_route=%2Fwp%2Fv2%2Ftags&post=678"}],"curies":[{"name":"wp","href":"https:\/\/api.w.org\/{rel}","templated":true}]}}